{"id":1113,"date":"2025-02-21T17:26:05","date_gmt":"2025-02-21T17:26:05","guid":{"rendered":"https:\/\/astronomiamadeira.pt\/?p=1113"},"modified":"2025-02-21T17:26:05","modified_gmt":"2025-02-21T17:26:05","slug":"dia-dedicado-a-astronomia-no-funchal-climate-week","status":"publish","type":"post","link":"https:\/\/astronomiamadeira.pt\/?p=1113","title":{"rendered":"Dia dedicado \u00e0 Astronomia no Funchal Climate Week"},"content":{"rendered":"\n<p>No Funchal, no \u00e2mbito da iniciativa Funchal Climate Week 2025 da C\u00e2mara Municipal do Funchal, a equipa de astr\u00f3nomos da AAAM promoveu um evento repleto de atividades interativas que encantou crian\u00e7as, jovens e entusiastas da astronomia. O dia contou com quatro vertentes: uma exposi\u00e7\u00e3o de astrofotografia, sess\u00f5es no planet\u00e1rio m\u00f3vel, observa\u00e7\u00e3o solar e observa\u00e7\u00e3o noturna, demonstrando o compromisso da associa\u00e7\u00e3o em divulgar o conhecimento astron\u00f3mico.<\/p>\n\n\n\n<p>A inaugura\u00e7\u00e3o da exposi\u00e7\u00e3o, presidida pela Exma. Vereadora do Ambiente, Dra. N\u00e1dia Coelho, reuniu dezenas de alunos de escolas locais, que puderam conhecer e admirar as imagens capturadas pelos talentosos astrofot\u00f3grafos Bruno Figueira, Francisco Gon\u00e7alves, Duarte Silva, Diogo Gualter e Paulo Casquinha. Durante o percurso, dois astr\u00f3nomos explicaram detalhes sobre as fotografias, despertando o interesse e a curiosidade dos jovens visitantes.<\/p>\n\n\n\n<figure class=\"wp-block-gallery has-nested-images columns-default is-cropped wp-block-gallery-1 is-layout-flex wp-block-gallery-is-layout-flex\">\n<figure class=\"wp-block-image size-large\"><img loading=\"lazy\" decoding=\"async\" width=\"1080\" height=\"720\" data-id=\"1118\" src=\"https:\/\/astronomiamadeira.pt\/wp-content\/uploads\/2025\/02\/IMG_0443.jpg\" alt=\"\" class=\"wp-image-1118\" srcset=\"https:\/\/astronomiamadeira.pt\/wp-content\/uploads\/2025\/02\/IMG_0443.jpg 1080w, https:\/\/astronomiamadeira.pt\/wp-content\/uploads\/2025\/02\/IMG_0443-640x427.jpg 640w, https:\/\/astronomiamadeira.pt\/wp-content\/uploads\/2025\/02\/IMG_0443-768x512.jpg 768w\" sizes=\"auto, (max-width: 1080px) 100vw, 1080px\" \/><\/figure>\n\n\n\n<figure class=\"wp-block-image size-large\"><img loading=\"lazy\" decoding=\"async\" width=\"1920\" height=\"1280\" data-id=\"1125\" src=\"https:\/\/astronomiamadeira.pt\/wp-content\/uploads\/2025\/02\/480296752_1032694202222465_2236274736157282146_n-1920x1280.jpg\" alt=\"\" class=\"wp-image-1125\" srcset=\"https:\/\/astronomiamadeira.pt\/wp-content\/uploads\/2025\/02\/480296752_1032694202222465_2236274736157282146_n-1920x1280.jpg 1920w, https:\/\/astronomiamadeira.pt\/wp-content\/uploads\/2025\/02\/480296752_1032694202222465_2236274736157282146_n-640x427.jpg 640w, https:\/\/astronomiamadeira.pt\/wp-content\/uploads\/2025\/02\/480296752_1032694202222465_2236274736157282146_n-768x512.jpg 768w, https:\/\/astronomiamadeira.pt\/wp-content\/uploads\/2025\/02\/480296752_1032694202222465_2236274736157282146_n-1536x1024.jpg 1536w, https:\/\/astronomiamadeira.pt\/wp-content\/uploads\/2025\/02\/480296752_1032694202222465_2236274736157282146_n.jpg 2048w\" sizes=\"auto, (max-width: 1920px) 100vw, 1920px\" \/><\/figure>\n\n\n\n<figure class=\"wp-block-image size-large\"><img loading=\"lazy\" decoding=\"async\" width=\"1080\" height=\"720\" data-id=\"1117\" src=\"https:\/\/astronomiamadeira.pt\/wp-content\/uploads\/2025\/02\/IMG_0438.jpg\" alt=\"\" class=\"wp-image-1117\" srcset=\"https:\/\/astronomiamadeira.pt\/wp-content\/uploads\/2025\/02\/IMG_0438.jpg 1080w, https:\/\/astronomiamadeira.pt\/wp-content\/uploads\/2025\/02\/IMG_0438-640x427.jpg 640w, https:\/\/astronomiamadeira.pt\/wp-content\/uploads\/2025\/02\/IMG_0438-768x512.jpg 768w\" sizes=\"auto, (max-width: 1080px) 100vw, 1080px\" \/><\/figure>\n\n\n\n<figure class=\"wp-block-image size-large\"><img loading=\"lazy\" decoding=\"async\" width=\"1080\" height=\"720\" data-id=\"1116\" src=\"https:\/\/astronomiamadeira.pt\/wp-content\/uploads\/2025\/02\/IMG_0436.jpg\" alt=\"\" class=\"wp-image-1116\" srcset=\"https:\/\/astronomiamadeira.pt\/wp-content\/uploads\/2025\/02\/IMG_0436.jpg 1080w, https:\/\/astronomiamadeira.pt\/wp-content\/uploads\/2025\/02\/IMG_0436-640x427.jpg 640w, https:\/\/astronomiamadeira.pt\/wp-content\/uploads\/2025\/02\/IMG_0436-768x512.jpg 768w\" sizes=\"auto, (max-width: 1080px) 100vw, 1080px\" \/><\/figure>\n\n\n\n<figure class=\"wp-block-image size-large\"><img loading=\"lazy\" decoding=\"async\" width=\"1080\" height=\"720\" data-id=\"1115\" src=\"https:\/\/astronomiamadeira.pt\/wp-content\/uploads\/2025\/02\/IMG_0434.jpg\" alt=\"\" class=\"wp-image-1115\" srcset=\"https:\/\/astronomiamadeira.pt\/wp-content\/uploads\/2025\/02\/IMG_0434.jpg 1080w, https:\/\/astronomiamadeira.pt\/wp-content\/uploads\/2025\/02\/IMG_0434-640x427.jpg 640w, https:\/\/astronomiamadeira.pt\/wp-content\/uploads\/2025\/02\/IMG_0434-768x512.jpg 768w\" sizes=\"auto, (max-width: 1080px) 100vw, 1080px\" \/><\/figure>\n\n\n\n<figure class=\"wp-block-image size-large\"><img loading=\"lazy\" decoding=\"async\" width=\"1080\" height=\"1350\" data-id=\"1114\" src=\"https:\/\/astronomiamadeira.pt\/wp-content\/uploads\/2025\/02\/IMG_0433.jpg\" alt=\"\" class=\"wp-image-1114\" srcset=\"https:\/\/astronomiamadeira.pt\/wp-content\/uploads\/2025\/02\/IMG_0433.jpg 1080w, https:\/\/astronomiamadeira.pt\/wp-content\/uploads\/2025\/02\/IMG_0433-512x640.jpg 512w, https:\/\/astronomiamadeira.pt\/wp-content\/uploads\/2025\/02\/IMG_0433-768x960.jpg 768w\" sizes=\"auto, (max-width: 1080px) 100vw, 1080px\" \/><\/figure>\n<\/figure>\n\n\n\n<p>Ap\u00f3s uma pausa para o almo\u00e7o, pequenos grupos dirigiram-se ao planet\u00e1rio m\u00f3vel, onde o colega Duarte Oliveira, juntamente com o presidente Jos\u00e9 Ant\u00f3nio Nunes, conduziu sess\u00f5es interativas que levaram os participantes numa viagem pelo universo. Ao ar livre, Fernando G\u00f3is, Jos\u00e9 Nunes e Diogo Gualter, com a colabora\u00e7\u00e3o da Dra. Elisabeth Correia, prepararam um telesc\u00f3pio para a observa\u00e7\u00e3o do disco solar e das suas manchas \u2013 uma atividade que, apesar de algumas interrup\u00e7\u00f5es ocasionais devido \u00e0 presen\u00e7a de nuvens, proporcionou uma experi\u00eancia memor\u00e1vel.<\/p>\n\n\n\n<figure class=\"wp-block-gallery has-nested-images columns-default is-cropped wp-block-gallery-2 is-layout-flex wp-block-gallery-is-layout-flex\">\n<figure class=\"wp-block-image size-full\"><img loading=\"lazy\" decoding=\"async\" width=\"1080\" height=\"720\" data-id=\"1119\" src=\"https:\/\/astronomiamadeira.pt\/wp-content\/uploads\/2025\/02\/IMG_0420.jpg\" alt=\"\" class=\"wp-image-1119\" srcset=\"https:\/\/astronomiamadeira.pt\/wp-content\/uploads\/2025\/02\/IMG_0420.jpg 1080w, https:\/\/astronomiamadeira.pt\/wp-content\/uploads\/2025\/02\/IMG_0420-640x427.jpg 640w, https:\/\/astronomiamadeira.pt\/wp-content\/uploads\/2025\/02\/IMG_0420-768x512.jpg 768w\" sizes=\"auto, (max-width: 1080px) 100vw, 1080px\" \/><\/figure>\n\n\n\n<figure class=\"wp-block-image size-large\"><img loading=\"lazy\" decoding=\"async\" width=\"1080\" height=\"720\" data-id=\"1121\" src=\"https:\/\/astronomiamadeira.pt\/wp-content\/uploads\/2025\/02\/IMG_0424.jpg\" alt=\"\" class=\"wp-image-1121\" srcset=\"https:\/\/astronomiamadeira.pt\/wp-content\/uploads\/2025\/02\/IMG_0424.jpg 1080w, https:\/\/astronomiamadeira.pt\/wp-content\/uploads\/2025\/02\/IMG_0424-640x427.jpg 640w, https:\/\/astronomiamadeira.pt\/wp-content\/uploads\/2025\/02\/IMG_0424-768x512.jpg 768w\" sizes=\"auto, (max-width: 1080px) 100vw, 1080px\" \/><\/figure>\n\n\n\n<figure class=\"wp-block-image size-large\"><img loading=\"lazy\" decoding=\"async\" width=\"1080\" height=\"720\" data-id=\"1120\" src=\"https:\/\/astronomiamadeira.pt\/wp-content\/uploads\/2025\/02\/IMG_0423.jpg\" alt=\"\" class=\"wp-image-1120\" srcset=\"https:\/\/astronomiamadeira.pt\/wp-content\/uploads\/2025\/02\/IMG_0423.jpg 1080w, https:\/\/astronomiamadeira.pt\/wp-content\/uploads\/2025\/02\/IMG_0423-640x427.jpg 640w, https:\/\/astronomiamadeira.pt\/wp-content\/uploads\/2025\/02\/IMG_0423-768x512.jpg 768w\" sizes=\"auto, (max-width: 1080px) 100vw, 1080px\" \/><\/figure>\n\n\n\n<figure class=\"wp-block-image size-large\"><img loading=\"lazy\" decoding=\"async\" width=\"1920\" height=\"1280\" data-id=\"1123\" src=\"https:\/\/astronomiamadeira.pt\/wp-content\/uploads\/2025\/02\/480460543_1032699342221951_282159357630233836_n-1920x1280.jpg\" alt=\"\" class=\"wp-image-1123\" srcset=\"https:\/\/astronomiamadeira.pt\/wp-content\/uploads\/2025\/02\/480460543_1032699342221951_282159357630233836_n-1920x1280.jpg 1920w, https:\/\/astronomiamadeira.pt\/wp-content\/uploads\/2025\/02\/480460543_1032699342221951_282159357630233836_n-640x427.jpg 640w, https:\/\/astronomiamadeira.pt\/wp-content\/uploads\/2025\/02\/480460543_1032699342221951_282159357630233836_n-768x512.jpg 768w, https:\/\/astronomiamadeira.pt\/wp-content\/uploads\/2025\/02\/480460543_1032699342221951_282159357630233836_n-1536x1024.jpg 1536w, https:\/\/astronomiamadeira.pt\/wp-content\/uploads\/2025\/02\/480460543_1032699342221951_282159357630233836_n.jpg 2048w\" sizes=\"auto, (max-width: 1920px) 100vw, 1920px\" \/><\/figure>\n\n\n\n<figure class=\"wp-block-image size-large\"><img loading=\"lazy\" decoding=\"async\" width=\"1920\" height=\"1280\" data-id=\"1124\" src=\"https:\/\/astronomiamadeira.pt\/wp-content\/uploads\/2025\/02\/480525371_1032699732221912_1098250884806511759_n-1920x1280.jpg\" alt=\"\" class=\"wp-image-1124\" srcset=\"https:\/\/astronomiamadeira.pt\/wp-content\/uploads\/2025\/02\/480525371_1032699732221912_1098250884806511759_n-1920x1280.jpg 1920w, https:\/\/astronomiamadeira.pt\/wp-content\/uploads\/2025\/02\/480525371_1032699732221912_1098250884806511759_n-640x427.jpg 640w, https:\/\/astronomiamadeira.pt\/wp-content\/uploads\/2025\/02\/480525371_1032699732221912_1098250884806511759_n-768x512.jpg 768w, https:\/\/astronomiamadeira.pt\/wp-content\/uploads\/2025\/02\/480525371_1032699732221912_1098250884806511759_n-1536x1024.jpg 1536w, https:\/\/astronomiamadeira.pt\/wp-content\/uploads\/2025\/02\/480525371_1032699732221912_1098250884806511759_n.jpg 2048w\" sizes=\"auto, (max-width: 1920px) 100vw, 1920px\" \/><\/figure>\n<\/figure>\n\n\n\n<p>J\u00e1 \u00e0 noite, o Largo do Col\u00e9gio transformou-se no palco da \u00faltima atividade do evento: uma sess\u00e3o de observa\u00e7\u00e3o astron\u00f3mica que teve como prop\u00f3sito demonstrar os efeitos da polui\u00e7\u00e3o luminosa. De prop\u00f3sito, as luzes que iluminam o espa\u00e7o n\u00e3o foram desligadas, permitindo aos participantes perceberem o impacto da ilumina\u00e7\u00e3o artificial na observa\u00e7\u00e3o do c\u00e9u noturno. Apesar das dificuldades causadas pela luminosidade excessiva e por algumas nuvens persistentes, foi poss\u00edvel observar V\u00e9nus, J\u00fapiter e, por momentos, Marte. A atividade contou com a participa\u00e7\u00e3o dos astr\u00f3nomos Ant\u00f3nio Nunes, Bruno Figueira e Sandro Correia, que utilizaram telesc\u00f3pios catadi\u00f3ptricos e um telesc\u00f3pio de EAA para proporcionar esta experi\u00eancia ao p\u00fablico.<\/p>\n\n\n\n<figure class=\"wp-block-gallery has-nested-images columns-default is-cropped wp-block-gallery-3 is-layout-flex wp-block-gallery-is-layout-flex\">\n<figure class=\"wp-block-image size-large\"><img loading=\"lazy\" decoding=\"async\" width=\"1600\" height=\"1200\" data-id=\"1126\" src=\"https:\/\/astronomiamadeira.pt\/wp-content\/uploads\/2025\/02\/953a8585-acef-439e-8203-2f2fe0c7aebe.jpeg\" alt=\"\" class=\"wp-image-1126\" srcset=\"https:\/\/astronomiamadeira.pt\/wp-content\/uploads\/2025\/02\/953a8585-acef-439e-8203-2f2fe0c7aebe.jpeg 1600w, https:\/\/astronomiamadeira.pt\/wp-content\/uploads\/2025\/02\/953a8585-acef-439e-8203-2f2fe0c7aebe-640x480.jpeg 640w, https:\/\/astronomiamadeira.pt\/wp-content\/uploads\/2025\/02\/953a8585-acef-439e-8203-2f2fe0c7aebe-768x576.jpeg 768w, https:\/\/astronomiamadeira.pt\/wp-content\/uploads\/2025\/02\/953a8585-acef-439e-8203-2f2fe0c7aebe-1536x1152.jpeg 1536w\" sizes=\"auto, (max-width: 1600px) 100vw, 1600px\" \/><\/figure>\n\n\n\n<figure class=\"wp-block-image size-large\"><img loading=\"lazy\" decoding=\"async\" width=\"1440\" height=\"1920\" data-id=\"1127\" src=\"https:\/\/astronomiamadeira.pt\/wp-content\/uploads\/2025\/02\/IMG_3019-1440x1920.jpeg\" alt=\"\" class=\"wp-image-1127\" srcset=\"https:\/\/astronomiamadeira.pt\/wp-content\/uploads\/2025\/02\/IMG_3019-1440x1920.jpeg 1440w, https:\/\/astronomiamadeira.pt\/wp-content\/uploads\/2025\/02\/IMG_3019-480x640.jpeg 480w, https:\/\/astronomiamadeira.pt\/wp-content\/uploads\/2025\/02\/IMG_3019-768x1024.jpeg 768w, https:\/\/astronomiamadeira.pt\/wp-content\/uploads\/2025\/02\/IMG_3019-1152x1536.jpeg 1152w, https:\/\/astronomiamadeira.pt\/wp-content\/uploads\/2025\/02\/IMG_3019-1536x2048.jpeg 1536w, https:\/\/astronomiamadeira.pt\/wp-content\/uploads\/2025\/02\/IMG_3019-scaled.jpeg 1920w\" sizes=\"auto, (max-width: 1440px) 100vw, 1440px\" \/><\/figure>\n<\/figure>\n\n\n\n<p>O evento destacou-se pela qualidade das atividades e pelo envolvimento da comunidade, promovendo uma aproxima\u00e7\u00e3o l\u00fadica e educativa com o universo, e refor\u00e7ando o compromisso da AAAM em tornar a astronomia acess\u00edvel a todos.<\/p>\n","protected":false},"excerpt":{"rendered":"<p>No Funchal, no \u00e2mbito da iniciativa Funchal Climate Week 2025 da C\u00e2mara Municipal do Funchal, a equipa de astr\u00f3nomos da AAAM promoveu um evento repleto de atividades interativas que encantou crian\u00e7as, jovens e entusiastas da astronomia. O dia contou com quatro vertentes: uma exposi\u00e7\u00e3o de astrofotografia, sess\u00f5es no planet\u00e1rio m\u00f3vel, observa\u00e7\u00e3o solar e observa\u00e7\u00e3o noturna, [&hellip;]<\/p>\n","protected":false},"author":1,"featured_media":1120,"comment_status":"open","ping_status":"open","sticky":false,"template":"","format":"standard","meta":{"cybocfi_hide_featured_image":"","footnotes":""},"categories":[4],"tags":[],"class_list":["post-1113","post","type-post","status-publish","format-standard","has-post-thumbnail","hentry","category-noticias"],"blocksy_meta":[],"_links":{"self":[{"href":"https:\/\/astronomiamadeira.pt\/index.php?rest_route=\/wp\/v2\/posts\/1113","targetHints":{"allow":["GET"]}}],"collection":[{"href":"https:\/\/astronomiamadeira.pt\/index.php?rest_route=\/wp\/v2\/posts"}],"about":[{"href":"https:\/\/astronomiamadeira.pt\/index.php?rest_route=\/wp\/v2\/types\/post"}],"author":[{"embeddable":true,"href":"https:\/\/astronomiamadeira.pt\/index.php?rest_route=\/wp\/v2\/users\/1"}],"replies":[{"embeddable":true,"href":"https:\/\/astronomiamadeira.pt\/index.php?rest_route=%2Fwp%2Fv2%2Fcomments&post=1113"}],"version-history":[{"count":1,"href":"https:\/\/astronomiamadeira.pt\/index.php?rest_route=\/wp\/v2\/posts\/1113\/revisions"}],"predecessor-version":[{"id":1128,"href":"https:\/\/astronomiamadeira.pt\/index.php?rest_route=\/wp\/v2\/posts\/1113\/revisions\/1128"}],"wp:featuredmedia":[{"embeddable":true,"href":"https:\/\/astronomiamadeira.pt\/index.php?rest_route=\/wp\/v2\/media\/1120"}],"wp:attachment":[{"href":"https:\/\/astronomiamadeira.pt\/index.php?rest_route=%2Fwp%2Fv2%2Fmedia&parent=1113"}],"wp:term":[{"taxonomy":"category","embeddable":true,"href":"https:\/\/astronomiamadeira.pt\/index.php?rest_route=%2Fwp%2Fv2%2Fcategories&post=1113"},{"taxonomy":"post_tag","embeddable":true,"href":"https:\/\/astronomiamadeira.pt\/index.php?rest_route=%2Fwp%2Fv2%2Ftags&post=1113"}],"curies":[{"name":"wp","href":"https:\/\/api.w.org\/{rel}","templated":true}]}}